{"id":213,"date":"2008-11-27T19:32:55","date_gmt":"2008-11-27T19:32:55","guid":{"rendered":"http:\/\/www.vocsbox.ch\/wordpress\/?p=213"},"modified":"2021-02-01T10:15:59","modified_gmt":"2021-02-01T09:15:59","slug":"hochzeit-von-kana","status":"publish","type":"post","link":"https:\/\/www.vocsbox.ch\/index.php\/2008\/11\/27\/hochzeit-von-kana\/","title":{"rendered":"Hochzeit von Kana"},"content":{"rendered":"\n<p><strong><a href=\"http:\/\/www.hochzeit-von-kana.ch\">Hochzeit von Kana<\/a><\/strong>\u00a0&#8211; szenische Kantate zum Hohelied der Liebe (Urauff\u00fchrung)<br><br>Im November 2008 durften wir die Urauff\u00fchrung der szenischen Kantate\u00a0&#171;Hochzeit von Kana&#187;\u00a0tatkr\u00e4ftig mit Gesang unterst\u00fctzen. Wir wurden dabei von zahlreichen Mits\u00e4ngern verst\u00e4rkt, so dass wir als 60-k\u00f6pfiger Chor hinter der B\u00fchne standen. Beim sehr professionell aufgezogenen Grossprojekt waren \u00fcber 100 Leute beteiligt, n\u00e4mlich nebst uns ein ausgesuchtes Ensemble der Kammerphilharmonie Graub\u00fcnden, die T\u00e4nzerinnen (und T\u00e4nzer) der Tanzschule Ballirina, Solisten, Schauspieler sowie vier singende und schauspielende Kinder.\u00a0<br><br><em>Libretto<\/em>: Arno Schocher,\u00a0<em>Komponist:<\/em>\u00a0Marco Sch\u00e4dler,\u00a0<em>Musikalischer Leiter<\/em>: Harri Bl\u00e4si,<em>\u00a0Regie:<\/em>\u00a0Ren\u00e9 Schnoz,\u00a0<em>Choreographie<\/em>: Irina Cannabona<br><em>Solisten:<\/em>\u00a0Annette Labusch, Michael Berndonner, Daniel Leo Meier,\u00a0<em>Schauspieler:<\/em>\u00a0Patricia Pasquale, Gabriel Crucetti,\u00a0<em>T\u00e4nzer:<\/em>\u00a0Irina Cannabona, Ronny Kistler,\u00a0<em>Kinder<\/em>: Lea Bl\u00e4si, Hanna Bl\u00e4si, Lea Pasquale, Gianna Catrina<br><br>Donnerstag , 27.11.2008 &#8211; 20:00 &#8211; St. Martinskirche Chur &#8211; Premi\u00e8re<br>Freitag , 28.11.2008 &#8211; 20:00 &#8211; St. Martinskirche Chur<br>Samstag, 29.11.2008 &#8211; 19:00 &#8211; St. Martinskirche Chur\u00a0<\/p>\n","protected":false},"excerpt":{"rendered":"<p>Hochzeit von Kana\u00a0&#8211; szenische Kantate zum Hohelied der Liebe (Urauff\u00fchrung) Im November 2008 durften wir die Urauff\u00fchrung der szenischen Kantate\u00a0&#171;Hochzeit von Kana&#187;\u00a0tatkr\u00e4ftig mit Gesang unterst\u00fctzen. Wir wurden dabei von zahlreichen Mits\u00e4ngern verst\u00e4rkt, so dass wir als 60-k\u00f6pfiger Chor hinter der B\u00fchne standen. Beim sehr professionell aufgezogenen Grossprojekt waren \u00fcber 100 Leute beteiligt, n\u00e4mlich nebst uns &hellip; <a href=\"https:\/\/www.vocsbox.ch\/index.php\/2008\/11\/27\/hochzeit-von-kana\/\" class=\"more-link\"><span class=\"screen-reader-text\">&#8220;Hochzeit von Kana&#8221; <\/span>weiterlesen<\/a><\/p>\n","protected":false},"author":1,"featured_media":214,"comment_status":"closed","ping_status":"closed","sticky":false,"template":"","format":"standard","meta":{"footnotes":""},"categories":[6],"tags":[],"class_list":["post-213","post","type-post","status-publish","format-standard","has-post-thumbnail","hentry","category-auftritt"],"_links":{"self":[{"href":"https:\/\/www.vocsbox.ch\/index.php\/wp-json\/wp\/v2\/posts\/213","targetHints":{"allow":["GET"]}}],"collection":[{"href":"https:\/\/www.vocsbox.ch\/index.php\/wp-json\/wp\/v2\/posts"}],"about":[{"href":"https:\/\/www.vocsbox.ch\/index.php\/wp-json\/wp\/v2\/types\/post"}],"author":[{"embeddable":true,"href":"https:\/\/www.vocsbox.ch\/index.php\/wp-json\/wp\/v2\/users\/1"}],"replies":[{"embeddable":true,"href":"https:\/\/www.vocsbox.ch\/index.php\/wp-json\/wp\/v2\/comments?post=213"}],"version-history":[{"count":1,"href":"https:\/\/www.vocsbox.ch\/index.php\/wp-json\/wp\/v2\/posts\/213\/revisions"}],"predecessor-version":[{"id":215,"href":"https:\/\/www.vocsbox.ch\/index.php\/wp-json\/wp\/v2\/posts\/213\/revisions\/215"}],"wp:featuredmedia":[{"embeddable":true,"href":"https:\/\/www.vocsbox.ch\/index.php\/wp-json\/wp\/v2\/media\/214"}],"wp:attachment":[{"href":"https:\/\/www.vocsbox.ch\/index.php\/wp-json\/wp\/v2\/media?parent=213"}],"wp:term":[{"taxonomy":"category","embeddable":true,"href":"https:\/\/www.vocsbox.ch\/index.php\/wp-json\/wp\/v2\/categories?post=213"},{"taxonomy":"post_tag","embeddable":true,"href":"https:\/\/www.vocsbox.ch\/index.php\/wp-json\/wp\/v2\/tags?post=213"}],"curies":[{"name":"wp","href":"https:\/\/api.w.org\/{rel}","templated":true}]}}